{"id":540,"date":"2026-03-14T12:48:30","date_gmt":"2026-03-14T11:48:30","guid":{"rendered":"https:\/\/vulb-badbergen.de\/?p=540"},"modified":"2026-03-14T12:48:31","modified_gmt":"2026-03-14T11:48:31","slug":"neues-fruehlingsprogramm-im-dorftreff-badbergen-april-juni-2026","status":"publish","type":"post","link":"https:\/\/vulb-badbergen.de\/index.php\/2026\/03\/14\/neues-fruehlingsprogramm-im-dorftreff-badbergen-april-juni-2026\/","title":{"rendered":"Neues Fr\u00fchlingsprogramm im Dorftreff Badbergen (April-Juni 2026)"},"content":{"rendered":"\n<p>Der <strong>Dorftreff Badbergen<\/strong> l\u00e4dt auch im Fr\u00fchjahr 2026 wieder herzlich zum Mitmachen ein. Von April bis Juni erwartet die Besucherinnen und Besucher ein vielf\u00e4ltiges Programm aus Begegnung, Information, Bewegung und Kreativit\u00e4t. Ob gemeinsames Singen, Radfahren, Reparieren, Lesen oder spannende Vortr\u00e4ge \u2013 f\u00fcr jede und jeden ist etwas dabei.<\/p>\n\n\n\n<p><strong>Regelm\u00e4\u00dfige Angebote<\/strong> sind unter anderem:<\/p>\n\n\n\n<ul class=\"wp-block-list\">\n<li>Boulespiel, Radtouren und Walking am Morgen<\/li>\n\n\n\n<li>Repair Caf\u00e9 und Kreativ-Werkstatt \u201eWolle &amp; mehr\u201c<\/li>\n\n\n\n<li>Offenes Singen, Spinntreff und Lust auf Lesen<\/li>\n\n\n\n<li>Teetreff, Fr\u00fchst\u00fccksplauderei &amp; Handysprechstunde<\/li>\n\n\n\n<li>Offenes Wohnzimmer sowie VULB\u2011Sprechstunden f\u00fcr Mitglieder und Interessierte<\/li>\n<\/ul>\n\n\n\n<p><strong>Besondere Termine im Fr\u00fchjahr 2026<\/strong>:<\/p>\n\n\n\n<ul class=\"wp-block-list\">\n<li>Buchvorstellung der Bonhoefer B\u00fccherei<\/li>\n\n\n\n<li>Informationsveranstaltungen wie \u201eSicher unterwegs mit dem E\u2011Bike\u201c und \u201eSicheres Internet\u201c<\/li>\n\n\n\n<li>Vortr\u00e4ge zur Kommunalwahl und zur \u201eNachhaltigen Kommune\u201c<\/li>\n\n\n\n<li>Gemeinsamer Brunch im Juni<\/li>\n<\/ul>\n\n\n\n<p>\ud83d\udccd <strong>Ort:<\/strong> Alte Volksschule Badbergen, Jahnstra\u00dfe 1, 49635 Badbergen<br>\u2139\ufe0f <strong>Hinweis:<\/strong> \u00c4nderungen und aktuelle Hinweise bitte der Tageszeitung, den Aush\u00e4ngen oder den Social\u2011Media\u2011Kan\u00e4len entnehmen.<\/p>\n\n\n\n<p>Der Dorftreff wird in <strong>Kooperation mit dem VULB\u2011Badbergen e.\u202fV.<\/strong> durchgef\u00fchrt.<br>\ud83d\udce7 dorftreff@vulb-badbergen.de<br>\ud83c\udf10 www.vulb-badbergen.de<br>\ud83d\udcf1 WhatsApp: +49 (0) 152 23463871<\/p>\n\n\n\n<p>\ud83d\udc49 <strong>Kommen Sie vorbei, machen Sie mit und erleben Sie Gemeinschaft in Badbergen!<\/strong><\/p>\n\n\n\n<div class=\"wp-block-uagb-image uagb-block-7389f97d wp-block-uagb-image--layout-default wp-block-uagb-image--effect-static wp-block-uagb-image--align-none\"><figure class=\"wp-block-uagb-image__figure\"><img loading=\"lazy\" decoding=\"async\" srcset=\"https:\/\/vulb-badbergen.de\/wp-content\/uploads\/2026\/03\/Dorftreff-Programm-AMJ-26-1024x724.png ,https:\/\/vulb-badbergen.de\/wp-content\/uploads\/2026\/03\/Dorftreff-Programm-AMJ-26.png 780w, https:\/\/vulb-badbergen.de\/wp-content\/uploads\/2026\/03\/Dorftreff-Programm-AMJ-26.png 360w\" sizes=\"auto, (max-width: 480px) 150px\" src=\"https:\/\/vulb-badbergen.de\/wp-content\/uploads\/2026\/03\/Dorftreff-Programm-AMJ-26-1024x724.png\" alt=\"\" class=\"uag-image-529\" width=\"1024\" height=\"724\" title=\"Dorftreff Programm AMJ 26\" loading=\"lazy\" role=\"img\"\/><\/figure><\/div>\n","protected":false},"excerpt":{"rendered":"<p>Der Dorftreff Badbergen l\u00e4dt auch im Fr\u00fchjahr 2026 wieder herzlich zum Mitmachen ein. Von April bis Juni erwartet die Besucherinnen [&hellip;]<\/p>\n","protected":false},"author":1,"featured_media":529,"comment_status":"open","ping_status":"open","sticky":false,"template":"","format":"standard","meta":{"_uag_custom_page_level_css":"","site-sidebar-layout":"default","site-content-layout":"","ast-site-content-layout":"normal-width-container","site-content-style":"default","site-sidebar-style":"default","ast-global-header-display":"","ast-banner-title-visibility":"","ast-main-header-display":"","ast-hfb-above-header-display":"","ast-hfb-below-header-display":"","ast-hfb-mobile-header-display":"","site-post-title":"","ast-breadcrumbs-content":"","ast-featured-img":"","footer-sml-layout":"","ast-disable-related-posts":"","theme-transparent-header-meta":"","adv-header-id-meta":"","stick-header-meta":"","header-above-stick-meta":"","header-main-stick-meta":"","header-below-stick-meta":"","astra-migrate-meta-layouts":"default","ast-page-background-enabled":"default","ast-page-background-meta":{"desktop":{"background-color":"var(--ast-global-color-5)","background-image":"","background-repeat":"repeat","background-position":"center center","background-size":"auto","background-attachment":"scroll","background-type":"","background-media":"","overlay-type":"","overlay-color":"","overlay-opacity":"","overlay-gradient":""},"tablet":{"background-color":"","background-image":"","background-repeat":"repeat","background-position":"center center","background-size":"auto","background-attachment":"scroll","background-type":"","background-media":"","overlay-type":"","overlay-color":"","overlay-opacity":"","overlay-gradient":""},"mobile":{"background-color":"","background-image":"","background-repeat":"repeat","background-position":"center center","background-size":"auto","background-attachment":"scroll","background-type":"","background-media":"","overlay-type":"","overlay-color":"","overlay-opacity":"","overlay-gradient":""}},"ast-content-background-meta":{"desktop":{"background-color":"var(--ast-global-color-4)","background-image":"","background-repeat":"repeat","background-position":"center center","background-size":"auto","background-attachment":"scroll","background-type":"","background-media":"","overlay-type":"","overlay-color":"","overlay-opacity":"","overlay-gradient":""},"tablet":{"background-color":"var(--ast-global-color-4)","background-image":"","background-repeat":"repeat","background-position":"center center","background-size":"auto","background-attachment":"scroll","background-type":"","background-media":"","overlay-type":"","overlay-color":"","overlay-opacity":"","overlay-gradient":""},"mobile":{"background-color":"var(--ast-global-color-4)","background-image":"","background-repeat":"repeat","background-position":"center center","background-size":"auto","background-attachment":"scroll","background-type":"","background-media":"","overlay-type":"","overlay-color":"","overlay-opacity":"","overlay-gradient":""}},"ngg_post_thumbnail":0,"footnotes":""},"categories":[1],"tags":[],"class_list":["post-540","post","type-post","status-publish","format-standard","has-post-thumbnail","hentry","category-allgemein"],"uagb_featured_image_src":{"full":["https:\/\/vulb-badbergen.de\/wp-content\/uploads\/2026\/03\/Dorftreff-Programm-AMJ-26.png",2000,1414,false],"thumbnail":["https:\/\/vulb-badbergen.de\/wp-content\/uploads\/2026\/03\/Dorftreff-Programm-AMJ-26-150x150.png",150,150,true],"medium":["https:\/\/vulb-badbergen.de\/wp-content\/uploads\/2026\/03\/Dorftreff-Programm-AMJ-26-300x212.png",300,212,true],"medium_large":["https:\/\/vulb-badbergen.de\/wp-content\/uploads\/2026\/03\/Dorftreff-Programm-AMJ-26-768x543.png",768,543,true],"large":["https:\/\/vulb-badbergen.de\/wp-content\/uploads\/2026\/03\/Dorftreff-Programm-AMJ-26-1024x724.png",1024,724,true],"1536x1536":["https:\/\/vulb-badbergen.de\/wp-content\/uploads\/2026\/03\/Dorftreff-Programm-AMJ-26-1536x1086.png",1536,1086,true],"2048x2048":["https:\/\/vulb-badbergen.de\/wp-content\/uploads\/2026\/03\/Dorftreff-Programm-AMJ-26.png",2000,1414,false]},"uagb_author_info":{"display_name":"Marc Rauscher","author_link":"https:\/\/vulb-badbergen.de\/index.php\/author\/admin9840\/"},"uagb_comment_info":3,"uagb_excerpt":"Der Dorftreff Badbergen l\u00e4dt auch im Fr\u00fchjahr 2026 wieder herzlich zum Mitmachen ein. Von April bis Juni erwartet die Besucherinnen [&hellip;]","_links":{"self":[{"href":"https:\/\/vulb-badbergen.de\/index.php\/wp-json\/wp\/v2\/posts\/540","targetHints":{"allow":["GET"]}}],"collection":[{"href":"https:\/\/vulb-badbergen.de\/index.php\/wp-json\/wp\/v2\/posts"}],"about":[{"href":"https:\/\/vulb-badbergen.de\/index.php\/wp-json\/wp\/v2\/types\/post"}],"author":[{"embeddable":true,"href":"https:\/\/vulb-badbergen.de\/index.php\/wp-json\/wp\/v2\/users\/1"}],"replies":[{"embeddable":true,"href":"https:\/\/vulb-badbergen.de\/index.php\/wp-json\/wp\/v2\/comments?post=540"}],"version-history":[{"count":1,"href":"https:\/\/vulb-badbergen.de\/index.php\/wp-json\/wp\/v2\/posts\/540\/revisions"}],"predecessor-version":[{"id":541,"href":"https:\/\/vulb-badbergen.de\/index.php\/wp-json\/wp\/v2\/posts\/540\/revisions\/541"}],"wp:featuredmedia":[{"embeddable":true,"href":"https:\/\/vulb-badbergen.de\/index.php\/wp-json\/wp\/v2\/media\/529"}],"wp:attachment":[{"href":"https:\/\/vulb-badbergen.de\/index.php\/wp-json\/wp\/v2\/media?parent=540"}],"wp:term":[{"taxonomy":"category","embeddable":true,"href":"https:\/\/vulb-badbergen.de\/index.php\/wp-json\/wp\/v2\/categories?post=540"},{"taxonomy":"post_tag","embeddable":true,"href":"https:\/\/vulb-badbergen.de\/index.php\/wp-json\/wp\/v2\/tags?post=540"}],"curies":[{"name":"wp","href":"https:\/\/api.w.org\/{rel}","templated":true}]}}