{"id":532,"date":"2026-03-14T11:24:16","date_gmt":"2026-03-14T10:24:16","guid":{"rendered":"https:\/\/vulb-badbergen.de\/?p=532"},"modified":"2026-03-14T12:38:56","modified_gmt":"2026-03-14T11:38:56","slug":"vulb-gewinnt-westenergie-klimaschutzpreis-2025","status":"publish","type":"post","link":"https:\/\/vulb-badbergen.de\/index.php\/2026\/03\/14\/vulb-gewinnt-westenergie-klimaschutzpreis-2025\/","title":{"rendered":"VULB gewinnt Westenergie Klimaschutzpreis 2025"},"content":{"rendered":"\n<div class=\"wp-block-uagb-container uagb-block-f362ecc8 alignfull uagb-is-root-container\"><div class=\"uagb-container-inner-blocks-wrap\">\n<div class=\"wp-block-uagb-container uagb-block-fcd0fe58\">\n<div class=\"wp-block-uagb-image uagb-block-f1252927 wp-block-uagb-image--layout-default wp-block-uagb-image--effect-static wp-block-uagb-image--align-none\"><figure class=\"wp-block-uagb-image__figure\"><img loading=\"lazy\" decoding=\"async\" srcset=\"https:\/\/vulb-badbergen.de\/wp-content\/uploads\/2026\/03\/Umweltpreis-680x1024.jpeg ,https:\/\/vulb-badbergen.de\/wp-content\/uploads\/2026\/03\/Umweltpreis.jpeg 780w, https:\/\/vulb-badbergen.de\/wp-content\/uploads\/2026\/03\/Umweltpreis.jpeg 360w\" sizes=\"auto, (max-width: 480px) 150px\" src=\"https:\/\/vulb-badbergen.de\/wp-content\/uploads\/2026\/03\/Umweltpreis-680x1024.jpeg\" alt=\"\" class=\"uag-image-535\" width=\"281\" height=\"423\" title=\"Umweltpreis\" loading=\"lazy\" role=\"img\"\/><\/figure><\/div>\n<\/div>\n\n\n\n<div class=\"wp-block-uagb-container uagb-block-35be9231\">\n<p>Der VULB Badbergen e.V. freut sich riesig \u00fcber den Gewinn des renommierten\u00a0<strong>Westenergie Klimaschutzpreis<\/strong>!      Der Westenergie Klimaschutzpreis (auch Umweltpreis genannt) ehrt seit 1995 lokale Initiativen in Partnerkommunen, die Umwelt- und Klimaschutz f\u00f6rdern \u2013 \u00fcber 9.000 Projekte ausgezeichnet. \u00c4hnliche Repair-Caf\u00e9-Projekte gewannen k\u00fcrzlich in Uedem, Kalkar oder Br\u00fcggen mit genau 500 \u20ac. Die Jury bewertet Projekte, die allen B\u00fcrgern nutzen.<\/p>\n<\/div>\n\n\n\n<div class=\"wp-block-uagb-container uagb-block-4cdac48a\">\n<p>Ein herzliches Dankesch\u00f6n an alle Mitwirkenden, Spendende und G\u00e4ste des Repair Caf\u00e9s \u2013 euer Engagement macht den Unterschied!<\/p>\n<\/div>\n\n\n\n<div class=\"wp-block-uagb-container uagb-block-ce3f4ce1\">\n<div class=\"wp-block-uagb-image uagb-block-fe6a052d wp-block-uagb-image--layout-default wp-block-uagb-image--effect-static wp-block-uagb-image--align-none\"><figure class=\"wp-block-uagb-image__figure\"><img loading=\"lazy\" decoding=\"async\" srcset=\"https:\/\/vulb-badbergen.de\/wp-content\/uploads\/2026\/03\/umweltpreis-677x1024.png ,https:\/\/vulb-badbergen.de\/wp-content\/uploads\/2026\/03\/umweltpreis.png 780w, https:\/\/vulb-badbergen.de\/wp-content\/uploads\/2026\/03\/umweltpreis.png 360w\" sizes=\"auto, (max-width: 480px) 150px\" src=\"https:\/\/vulb-badbergen.de\/wp-content\/uploads\/2026\/03\/umweltpreis-677x1024.png\" alt=\"\" class=\"uag-image-533\" width=\"1656\" height=\"2503\" title=\"umweltpreis\" loading=\"lazy\" role=\"img\"\/><\/figure><\/div>\n<\/div>\n<\/div><\/div>\n\n\n\n<div class=\"wp-block-uagb-container uagb-block-b3e5cfec alignfull uagb-is-root-container\"><div class=\"uagb-container-inner-blocks-wrap\">\n<div class=\"wp-block-uagb-container uagb-block-502c57a3\"><\/div>\n\n\n\n<p class=\"has-text-align-center\"><\/p>\n<\/div><\/div>\n\n\n\n<p><\/p>\n","protected":false},"excerpt":{"rendered":"<p>Der VULB Badbergen e.V. freut sich riesig \u00fcber den Gewinn des renommierten\u00a0Westenergie Klimaschutzpreis! Der Westenergie Klimaschutzpreis (auch Umweltpreis genannt) ehrt [&hellip;]<\/p>\n","protected":false},"author":1,"featured_media":533,"comment_status":"open","ping_status":"open","sticky":false,"template":"","format":"standard","meta":{"_uag_custom_page_level_css":"","site-sidebar-layout":"default","site-content-layout":"","ast-site-content-layout":"normal-width-container","site-content-style":"default","site-sidebar-style":"default","ast-global-header-display":"","ast-banner-title-visibility":"","ast-main-header-display":"","ast-hfb-above-header-display":"","ast-hfb-below-header-display":"","ast-hfb-mobile-header-display":"","site-post-title":"","ast-breadcrumbs-content":"","ast-featured-img":"","footer-sml-layout":"","ast-disable-related-posts":"","theme-transparent-header-meta":"","adv-header-id-meta":"","stick-header-meta":"","header-above-stick-meta":"","header-main-stick-meta":"","header-below-stick-meta":"","astra-migrate-meta-layouts":"default","ast-page-background-enabled":"default","ast-page-background-meta":{"desktop":{"background-color":"var(--ast-global-color-5)","background-image":"","background-repeat":"repeat","background-position":"center center","background-size":"auto","background-attachment":"scroll","background-type":"","background-media":"","overlay-type":"","overlay-color":"","overlay-opacity":"","overlay-gradient":""},"tablet":{"background-color":"","background-image":"","background-repeat":"repeat","background-position":"center center","background-size":"auto","background-attachment":"scroll","background-type":"","background-media":"","overlay-type":"","overlay-color":"","overlay-opacity":"","overlay-gradient":""},"mobile":{"background-color":"","background-image":"","background-repeat":"repeat","background-position":"center center","background-size":"auto","background-attachment":"scroll","background-type":"","background-media":"","overlay-type":"","overlay-color":"","overlay-opacity":"","overlay-gradient":""}},"ast-content-background-meta":{"desktop":{"background-color":"var(--ast-global-color-4)","background-image":"","background-repeat":"repeat","background-position":"center center","background-size":"auto","background-attachment":"scroll","background-type":"","background-media":"","overlay-type":"","overlay-color":"","overlay-opacity":"","overlay-gradient":""},"tablet":{"background-color":"var(--ast-global-color-4)","background-image":"","background-repeat":"repeat","background-position":"center center","background-size":"auto","background-attachment":"scroll","background-type":"","background-media":"","overlay-type":"","overlay-color":"","overlay-opacity":"","overlay-gradient":""},"mobile":{"background-color":"var(--ast-global-color-4)","background-image":"","background-repeat":"repeat","background-position":"center center","background-size":"auto","background-attachment":"scroll","background-type":"","background-media":"","overlay-type":"","overlay-color":"","overlay-opacity":"","overlay-gradient":""}},"ngg_post_thumbnail":0,"footnotes":""},"categories":[22,19,21],"tags":[],"class_list":["post-532","post","type-post","status-publish","format-standard","has-post-thumbnail","hentry","category-dorftreff","category-news-vulb","category-repaircafe"],"uagb_featured_image_src":{"full":["https:\/\/vulb-badbergen.de\/wp-content\/uploads\/2026\/03\/umweltpreis.png",1656,2503,false],"thumbnail":["https:\/\/vulb-badbergen.de\/wp-content\/uploads\/2026\/03\/umweltpreis-150x150.png",150,150,true],"medium":["https:\/\/vulb-badbergen.de\/wp-content\/uploads\/2026\/03\/umweltpreis-198x300.png",198,300,true],"medium_large":["https:\/\/vulb-badbergen.de\/wp-content\/uploads\/2026\/03\/umweltpreis-768x1161.png",768,1161,true],"large":["https:\/\/vulb-badbergen.de\/wp-content\/uploads\/2026\/03\/umweltpreis-677x1024.png",677,1024,true],"1536x1536":["https:\/\/vulb-badbergen.de\/wp-content\/uploads\/2026\/03\/umweltpreis-1016x1536.png",1016,1536,true],"2048x2048":["https:\/\/vulb-badbergen.de\/wp-content\/uploads\/2026\/03\/umweltpreis-1355x2048.png",1355,2048,true]},"uagb_author_info":{"display_name":"Marc Rauscher","author_link":"https:\/\/vulb-badbergen.de\/index.php\/author\/admin9840\/"},"uagb_comment_info":3,"uagb_excerpt":"Der VULB Badbergen e.V. freut sich riesig \u00fcber den Gewinn des renommierten\u00a0Westenergie Klimaschutzpreis! Der Westenergie Klimaschutzpreis (auch Umweltpreis genannt) ehrt [&hellip;]","_links":{"self":[{"href":"https:\/\/vulb-badbergen.de\/index.php\/wp-json\/wp\/v2\/posts\/532","targetHints":{"allow":["GET"]}}],"collection":[{"href":"https:\/\/vulb-badbergen.de\/index.php\/wp-json\/wp\/v2\/posts"}],"about":[{"href":"https:\/\/vulb-badbergen.de\/index.php\/wp-json\/wp\/v2\/types\/post"}],"author":[{"embeddable":true,"href":"https:\/\/vulb-badbergen.de\/index.php\/wp-json\/wp\/v2\/users\/1"}],"replies":[{"embeddable":true,"href":"https:\/\/vulb-badbergen.de\/index.php\/wp-json\/wp\/v2\/comments?post=532"}],"version-history":[{"count":3,"href":"https:\/\/vulb-badbergen.de\/index.php\/wp-json\/wp\/v2\/posts\/532\/revisions"}],"predecessor-version":[{"id":539,"href":"https:\/\/vulb-badbergen.de\/index.php\/wp-json\/wp\/v2\/posts\/532\/revisions\/539"}],"wp:featuredmedia":[{"embeddable":true,"href":"https:\/\/vulb-badbergen.de\/index.php\/wp-json\/wp\/v2\/media\/533"}],"wp:attachment":[{"href":"https:\/\/vulb-badbergen.de\/index.php\/wp-json\/wp\/v2\/media?parent=532"}],"wp:term":[{"taxonomy":"category","embeddable":true,"href":"https:\/\/vulb-badbergen.de\/index.php\/wp-json\/wp\/v2\/categories?post=532"},{"taxonomy":"post_tag","embeddable":true,"href":"https:\/\/vulb-badbergen.de\/index.php\/wp-json\/wp\/v2\/tags?post=532"}],"curies":[{"name":"wp","href":"https:\/\/api.w.org\/{rel}","templated":true}]}}